{"id":191,"date":"2019-02-25T19:45:03","date_gmt":"2019-02-25T22:45:03","guid":{"rendered":"http:\/\/blog.viacolor.com.br\/?p=191"},"modified":"2019-02-25T20:11:26","modified_gmt":"2019-02-25T23:11:26","slug":"tudo-o-que-voce-precisa-saber-antes-de-comprar-equipamentos-fotograficos-no-exterior","status":"publish","type":"post","link":"https:\/\/blog.viacolor.com.br\/index.php\/2019\/02\/25\/tudo-o-que-voce-precisa-saber-antes-de-comprar-equipamentos-fotograficos-no-exterior\/","title":{"rendered":"Tudo o que voc\u00ea precisa saber antes de comprar equipamentos fotogr\u00e1ficos no exterior"},"content":{"rendered":"<p><span style=\"font-weight: 400;\">Muitos profissionais optam por <\/span><b>comprar equipamentos fotogr\u00e1ficos no exterior<\/b><span style=\"font-weight: 400;\">. Seja em viagens ou por meio de e-commerce, esta \u00e9 uma solu\u00e7\u00e3o amplamente adotada para quem est\u00e1 adquirindo equipamento de trabalho ou quer fazer substitui\u00e7\u00f5es.<\/span><\/p>\n<p><img loading=\"lazy\" class=\"aligncenter wp-image-196 size-full\" src=\"https:\/\/blog.viacolor.com.br\/wp-content\/uploads\/2019\/02\/post-fotos1-1.png\" alt=\"\" width=\"740\" height=\"284\" srcset=\"https:\/\/blog.viacolor.com.br\/wp-content\/uploads\/2019\/02\/post-fotos1-1.png 740w, https:\/\/blog.viacolor.com.br\/wp-content\/uploads\/2019\/02\/post-fotos1-1-300x115.png 300w\" sizes=\"(max-width: 706px) 89vw, (max-width: 767px) 82vw, 740px\" \/><\/p>\n<h4><b>Mas vale mesmo a pena comprar equipamento fora do Brasil? <\/b><\/h4>\n<p><span style=\"font-weight: 400;\">H\u00e1 pr\u00f3s e contras em in\u00fameras situa\u00e7\u00f5es.<\/span><\/p>\n<p><span style=\"font-weight: 400;\">Por exemplo, voc\u00ea pode estar em viagem e querer <\/span><b>comprar equipamentos fotogr\u00e1ficos<\/b><span style=\"font-weight: 400;\"> por l\u00e1. Uma das principais raz\u00f5es pelas quais as pessoas optam por isso \u00e9 o valor, que \u00e9 um tanto mais baixo que no Brasil. <\/span><\/p>\n<p><span style=\"font-weight: 400;\">Se este \u00e9 o seu caso, voc\u00ea precisa ficar de olho na <\/span><b>tributa\u00e7\u00e3o<\/b><span style=\"font-weight: 400;\"> que ir\u00e1 pagar ao trazer o equipamento fotogr\u00e1fico para c\u00e1. H\u00e1 normas com rela\u00e7\u00e3o a isso e, em alguns casos, seu equipamento pode ser categorizado como \u201cbem de uso pessoal\u201d, sim, e n\u00f3s falaremos sobre isso mais adiante. <\/span><\/p>\n<p><span style=\"font-weight: 400;\">No entanto, se voc\u00ea <\/span><b>for taxado<\/b><span style=\"font-weight: 400;\">, talvez o valor n\u00e3o valha a pena tanto assim. O melhor \u00e9 colocar tudo na ponta do l\u00e1pis. <\/span><\/p>\n<p><span style=\"font-weight: 400;\">H\u00e1 outra situa\u00e7\u00e3o em que profissionais brasileiros <\/span><b>compram equipamentos fotogr\u00e1ficos do exterior<\/b><span style=\"font-weight: 400;\">: usando sites estrangeiros. Fazem isso tamb\u00e9m &#8211; principalmente &#8211; pelo valor. <\/span><\/p>\n<p><span style=\"font-weight: 400;\">Neste caso, h\u00e1 a <\/span><b>limita\u00e7\u00e3o de cat\u00e1logo para vendas<\/b><span style=\"font-weight: 400;\">: na maioria dos e-commerce, nem todos os produtos est\u00e3o dispon\u00edveis para vender a outros pa\u00edses. E, al\u00e9m disso, h\u00e1 <\/span><b>demora<\/b><span style=\"font-weight: 400;\"> na entrega. <\/span><\/p>\n<p><span style=\"font-weight: 400;\">Se voc\u00ea fez as contas e viu que compensa comprar fora do pa\u00eds, v\u00e1 em frente. Se voc\u00ea ainda n\u00e3o decidiu, n\u00f3s reunimos algumas perguntas mais frequentes para quem pensa em <\/span><b>adquirir equipamento fotogr\u00e1fico no exterior<\/b><span style=\"font-weight: 400;\">. Veja:<\/span><\/p>\n<p><img loading=\"lazy\" class=\"aligncenter wp-image-197 size-full\" src=\"https:\/\/blog.viacolor.com.br\/wp-content\/uploads\/2019\/02\/post-fotos2-1.png\" alt=\"\" width=\"740\" height=\"284\" srcset=\"https:\/\/blog.viacolor.com.br\/wp-content\/uploads\/2019\/02\/post-fotos2-1.png 740w, https:\/\/blog.viacolor.com.br\/wp-content\/uploads\/2019\/02\/post-fotos2-1-300x115.png 300w\" sizes=\"(max-width: 706px) 89vw, (max-width: 767px) 82vw, 740px\" \/><\/p>\n<ul>\n<li><b>H\u00e1 risco de ser taxado no aeroporto? <\/b><\/li>\n<\/ul>\n<p><span style=\"font-weight: 400;\">H\u00e1 esse risco, sim. Isso acontece porque h\u00e1 um limite para o valor das compras no exterior. De acordo com <\/span><a href=\"http:\/\/www.aeroportoguarulhos.net\/declaracao-de-bens-viagem\" target=\"_blank\" rel=\"noopener\"><span style=\"font-weight: 400;\">o site do <\/span><b>Aeroporto Internacional de Guarulhos<\/b><\/a><span style=\"font-weight: 400;\">, quem viaja de avi\u00e3o para o exterior pode gastar, no m\u00e1ximo, US$ 500 em compras, sob pena de <\/span><b>pagar<\/b><span style=\"font-weight: 400;\"> multa de 50% sobre o valor excedente (por navio ou via terrestre, a cota de isen\u00e7\u00e3o cai para US$ 300).<\/span><\/p>\n<p><img loading=\"lazy\" class=\"aligncenter wp-image-198 size-full\" src=\"https:\/\/blog.viacolor.com.br\/wp-content\/uploads\/2019\/02\/post-fotos3-1.png\" alt=\"\" width=\"740\" height=\"284\" srcset=\"https:\/\/blog.viacolor.com.br\/wp-content\/uploads\/2019\/02\/post-fotos3-1.png 740w, https:\/\/blog.viacolor.com.br\/wp-content\/uploads\/2019\/02\/post-fotos3-1-300x115.png 300w\" sizes=\"(max-width: 706px) 89vw, (max-width: 767px) 82vw, 740px\" \/><\/p>\n<ul>\n<li><b>C\u00e2meras e lentes entram como uso pessoal? <\/b><\/li>\n<\/ul>\n<p><span style=\"font-weight: 400;\">Uma <\/span><b>c\u00e2mera<\/b><span style=\"font-weight: 400;\"> fotogr\u00e1fica pode ser compreendida como bem de<\/span><b> uso pessoal<\/b><span style=\"font-weight: 400;\"> e fica, portanto, <\/span><b>isenta de taxa\u00e7\u00e3o.<\/b><span style=\"font-weight: 400;\"> Apenas uma. No entanto, em caso de abordagem, ser\u00e1 necess\u00e1rio comprovar uso pessoal desta c\u00e2mera. J\u00e1 a aquisi\u00e7\u00e3o de lentes deve, portanto, <\/span><a href=\"http:\/\/www.aeroportoguarulhos.net\/declaracao-de-bens-viagem\" target=\"_blank\" rel=\"noopener\"><span style=\"font-weight: 400;\">obedecer ao teto de (no m\u00e1ximo) 3 itens iguais<\/span><\/a><span style=\"font-weight: 400;\"> e estar dentro da quota de US$ 500 estabelecida pela Receita Federal.<\/span><\/p>\n<p><img loading=\"lazy\" class=\"aligncenter wp-image-199 size-full\" src=\"https:\/\/blog.viacolor.com.br\/wp-content\/uploads\/2019\/02\/post-fotos4-1.png\" alt=\"\" width=\"740\" height=\"284\" srcset=\"https:\/\/blog.viacolor.com.br\/wp-content\/uploads\/2019\/02\/post-fotos4-1.png 740w, https:\/\/blog.viacolor.com.br\/wp-content\/uploads\/2019\/02\/post-fotos4-1-300x115.png 300w\" sizes=\"(max-width: 706px) 89vw, (max-width: 767px) 82vw, 740px\" \/><\/p>\n<ul>\n<li><b>Quais impostos eu tenho que pagar? <\/b><\/li>\n<\/ul>\n<p><span style=\"font-weight: 400;\">Caso o valor dos bens adquiridos ultrapasse a quota, ser\u00e1 cobrado um tributo de 50% do valor excedente a US$ 500. O mesmo ser\u00e1 aplicado nos casos em que a sua mala for revistada e n\u00e3o estiver condizente com a <\/span><a href=\"http:\/\/www.aeroportoguarulhos.net\/declaracao-de-bens-viagem\" target=\"_blank\" rel=\"noopener\"><span style=\"font-weight: 400;\">Declara\u00e7\u00e3o de Bagagem Acompanhada, a DBA, feita pelo passageiro ainda no avi\u00e3o<\/span><\/a><span style=\"font-weight: 400;\">.<\/span><\/p>\n<p><img loading=\"lazy\" class=\"aligncenter wp-image-202 size-full\" src=\"https:\/\/blog.viacolor.com.br\/wp-content\/uploads\/2019\/02\/post-fotos6.png\" alt=\"\" width=\"740\" height=\"284\" srcset=\"https:\/\/blog.viacolor.com.br\/wp-content\/uploads\/2019\/02\/post-fotos6.png 740w, https:\/\/blog.viacolor.com.br\/wp-content\/uploads\/2019\/02\/post-fotos6-300x115.png 300w\" sizes=\"(max-width: 706px) 89vw, (max-width: 767px) 82vw, 740px\" \/><\/p>\n<ul>\n<li><b>Se eu transferir o dinheiro para um amigo que est\u00e1 em viagem vou pagar imposto? <\/b><\/li>\n<\/ul>\n<p><span style=\"font-weight: 400;\">H\u00e1 in\u00fameras maneiras de enviar dinheiro ao exterior. Cada uma delas tem uma margem de tributa\u00e7\u00e3o, al\u00e9m de serem servi\u00e7os e, portanto, cobrar taxas. Para saber mais, <\/span><a href=\"https:\/\/exame.abril.com.br\/seu-dinheiro\/seis-formas-enviar-ou-receber-dinheiro-exterior-564526\/\" target=\"_blank\" rel=\"noopener\"><span style=\"font-weight: 400;\"><strong>leia esta mat\u00e9ria da Revista Exame<\/strong>.<\/span><\/a><span style=\"font-weight: 400;\"> \u00a0<\/span><\/p>\n<p><img loading=\"lazy\" class=\"aligncenter wp-image-200 size-full\" src=\"https:\/\/blog.viacolor.com.br\/wp-content\/uploads\/2019\/02\/post-fotos5.png\" alt=\"\" width=\"740\" height=\"284\" srcset=\"https:\/\/blog.viacolor.com.br\/wp-content\/uploads\/2019\/02\/post-fotos5.png 740w, https:\/\/blog.viacolor.com.br\/wp-content\/uploads\/2019\/02\/post-fotos5-300x115.png 300w\" sizes=\"(max-width: 706px) 89vw, (max-width: 767px) 82vw, 740px\" \/><\/p>\n<ul>\n<li><b>Quais s\u00e3o as alternativas nacionais para compra? <\/b><\/li>\n<\/ul>\n<p><span style=\"font-weight: 400;\">O site do <\/span><b>Mercado Livre<\/b><span style=\"font-weight: 400;\"> &#8211; <\/span><a href=\"https:\/\/www.mercadolivre.com.br\/\" target=\"_blank\" rel=\"noopener\"><span style=\"font-weight: 400;\">um e-commerce amplamente conhecido<\/span><\/a><span style=\"font-weight: 400;\"> &#8211; \u00e9 um excelente canal de compra e venda. Muitos profissionais da fotografia fazem aquisi\u00e7\u00f5es com bom custo-benef\u00edcio por l\u00e1. \u00a0\u00a0<\/span><\/p>\n<p><span style=\"font-weight: 400;\">A <\/span><b>Digimagem<\/b><span style=\"font-weight: 400;\"> \u00e9 revenda <\/span><b>oficial da Fujifilm<\/b><span style=\"font-weight: 400;\"> no Brasil. Tem, portanto, os melhores produtos dispon\u00edveis. A loja est\u00e1 localizada em Florian\u00f3polis\/SC, mas <\/span><a href=\"http:\/\/lojadigimagem.com.br\/\" target=\"_blank\" rel=\"noopener\"><span style=\"font-weight: 400;\">seu e-commerce entrega produtos<\/span><\/a><span style=\"font-weight: 400;\"> em todo o pa\u00eds.<\/span><\/p>\n","protected":false},"excerpt":{"rendered":"<p>Muitos profissionais optam por comprar equipamentos fotogr\u00e1ficos no exterior. Seja em viagens ou por meio de e-commerce, esta \u00e9 uma solu\u00e7\u00e3o amplamente adotada para quem est\u00e1 adquirindo equipamento de trabalho ou quer fazer substitui\u00e7\u00f5es. Mas vale mesmo a pena comprar equipamento fora do Brasil? H\u00e1 pr\u00f3s e contras em in\u00fameras situa\u00e7\u00f5es. Por exemplo, voc\u00ea pode &hellip; <\/p>\n<p class=\"link-more\"><a href=\"https:\/\/blog.viacolor.com.br\/index.php\/2019\/02\/25\/tudo-o-que-voce-precisa-saber-antes-de-comprar-equipamentos-fotograficos-no-exterior\/\" class=\"more-link\">Continue lendo<span class=\"screen-reader-text\"> &#8220;Tudo o que voc\u00ea precisa saber antes de comprar equipamentos fotogr\u00e1ficos no exterior&#8221;<\/span><\/a><\/p>\n","protected":false},"author":1,"featured_media":194,"comment_status":"open","ping_status":"open","sticky":false,"template":"","format":"standard","meta":[],"categories":[20],"tags":[26,27,30,10,17,19,28,22,29],"_links":{"self":[{"href":"https:\/\/blog.viacolor.com.br\/index.php\/wp-json\/wp\/v2\/posts\/191"}],"collection":[{"href":"https:\/\/blog.viacolor.com.br\/index.php\/wp-json\/wp\/v2\/posts"}],"about":[{"href":"https:\/\/blog.viacolor.com.br\/index.php\/wp-json\/wp\/v2\/types\/post"}],"author":[{"embeddable":true,"href":"https:\/\/blog.viacolor.com.br\/index.php\/wp-json\/wp\/v2\/users\/1"}],"replies":[{"embeddable":true,"href":"https:\/\/blog.viacolor.com.br\/index.php\/wp-json\/wp\/v2\/comments?post=191"}],"version-history":[{"count":7,"href":"https:\/\/blog.viacolor.com.br\/index.php\/wp-json\/wp\/v2\/posts\/191\/revisions"}],"predecessor-version":[{"id":207,"href":"https:\/\/blog.viacolor.com.br\/index.php\/wp-json\/wp\/v2\/posts\/191\/revisions\/207"}],"wp:featuredmedia":[{"embeddable":true,"href":"https:\/\/blog.viacolor.com.br\/index.php\/wp-json\/wp\/v2\/media\/194"}],"wp:attachment":[{"href":"https:\/\/blog.viacolor.com.br\/index.php\/wp-json\/wp\/v2\/media?parent=191"}],"wp:term":[{"taxonomy":"category","embeddable":true,"href":"https:\/\/blog.viacolor.com.br\/index.php\/wp-json\/wp\/v2\/categories?post=191"},{"taxonomy":"post_tag","embeddable":true,"href":"https:\/\/blog.viacolor.com.br\/index.php\/wp-json\/wp\/v2\/tags?post=191"}],"curies":[{"name":"wp","href":"https:\/\/api.w.org\/{rel}","templated":true}]}}