{"id":250,"date":"2019-04-11T16:10:48","date_gmt":"2019-04-11T19:10:48","guid":{"rendered":"http:\/\/blog.viacolor.com.br\/?p=250"},"modified":"2019-04-11T19:21:52","modified_gmt":"2019-04-11T22:21:52","slug":"trimestre-de-ouro-brasileiro-arrasa-no-mercado-fotografico-internacional","status":"publish","type":"post","link":"https:\/\/blog.viacolor.com.br\/index.php\/2019\/04\/11\/trimestre-de-ouro-brasileiro-arrasa-no-mercado-fotografico-internacional\/","title":{"rendered":"TRIMESTRE DE OURO: brasileiro arrasa no mercado fotogr\u00e1fico internacional!"},"content":{"rendered":"<p><span style=\"font-weight: 400;\">\u00c9 uma satisfa\u00e7\u00e3o imensa quando vemos que nossos parceiros est\u00e3o tendo reconhecimento mundo afora. Nossa mais recente alegria foi testemunhar o trimestre incr\u00edvel que a vida reservou para o brilhante profissional da fotografia (e nosso cliente) Jared Windm\u00fcller.<\/span><\/p>\n<h4><b>Veja o que aconteceu na carreira de Windm\u00fcller e se inspire:<\/b><\/h4>\n<p>&nbsp;<\/p>\n<p><b>FEVEREIRO <\/b><\/p>\n<p><span style=\"font-weight: 400;\">Jared Windm\u00fcller foi eleito \u201cArtista do m\u00eas\u201d pela premiada empresa alem\u00e3 fabricante de papel fotogr\u00e1fico Hahnem\u00fchle. Ele concedeu uma entrevista que foi publicada no blog da empresa &#8211; que foi fundada em 1584. <\/span><a href=\"https:\/\/blog.hahnemuehle.com\/en\/jared-windmueller-photoragmetallic\/\"><b>Clique aqui para ler<\/b><\/a><span style=\"font-weight: 400;\"> (em ingl\u00eas). <\/span><\/p>\n<p><b>MAR\u00c7O<\/b><\/p>\n<p><span style=\"font-weight: 400;\">A <\/span><b>ProfiFoto<\/b><span style=\"font-weight: 400;\"> &#8211; revista alem\u00e3 mais popular entre os fot\u00f3grafos profissionais do pa\u00eds &#8211; trouxe algumas fotografias do brasileiro em suas p\u00e1ginas. Entre v\u00e1rios fot\u00f3grafos, ele foi o escolhido para estar em um publieditorial de duas p\u00e1ginas da Hahnem\u00fchle.<\/span><\/p>\n<ul>\n<li style=\"font-weight: 400;\"><span style=\"font-weight: 400;\">Uma das imagens \u00e9 do <\/span><b>Parque Nacional de Canyonlands<\/b><span style=\"font-weight: 400;\">, localizado em Utah (EUA), onde o fot\u00f3grafo vive.<\/span><\/li>\n<\/ul>\n<p><img loading=\"lazy\" class=\"aligncenter wp-image-257 size-large\" src=\"https:\/\/blog.viacolor.com.br\/wp-content\/uploads\/2019\/04\/Capitol-Reef-006-1024x516.jpg\" alt=\"\" width=\"525\" height=\"265\" srcset=\"https:\/\/blog.viacolor.com.br\/wp-content\/uploads\/2019\/04\/Capitol-Reef-006-1024x516.jpg 1024w, https:\/\/blog.viacolor.com.br\/wp-content\/uploads\/2019\/04\/Capitol-Reef-006-300x151.jpg 300w, https:\/\/blog.viacolor.com.br\/wp-content\/uploads\/2019\/04\/Capitol-Reef-006-768x387.jpg 768w, https:\/\/blog.viacolor.com.br\/wp-content\/uploads\/2019\/04\/Capitol-Reef-006.jpg 1200w\" sizes=\"(max-width: 525px) 100vw, 525px\" \/><\/p>\n<ul>\n<li style=\"font-weight: 400;\"><span style=\"font-weight: 400;\">A outra imagem \u00e9 de Viena, na \u00c1ustria. O registro foi feito em 2014 pelo profissional durante <\/span><b>ensaio do c\u00f4nsul da Rep\u00fablica Checa em Blumental<\/b><span style=\"font-weight: 400;\"> e sua esposa. \u00a0<\/span><\/li>\n<\/ul>\n<p><img loading=\"lazy\" class=\"aligncenter wp-image-253 size-large\" src=\"https:\/\/blog.viacolor.com.br\/wp-content\/uploads\/2019\/04\/TTD-Suzana-e-Rafael-096-1024x683.jpg\" alt=\"\" width=\"525\" height=\"350\" srcset=\"https:\/\/blog.viacolor.com.br\/wp-content\/uploads\/2019\/04\/TTD-Suzana-e-Rafael-096-1024x683.jpg 1024w, https:\/\/blog.viacolor.com.br\/wp-content\/uploads\/2019\/04\/TTD-Suzana-e-Rafael-096-300x200.jpg 300w, https:\/\/blog.viacolor.com.br\/wp-content\/uploads\/2019\/04\/TTD-Suzana-e-Rafael-096-768x512.jpg 768w\" sizes=\"(max-width: 525px) 100vw, 525px\" \/><\/p>\n<p><b>ABRIL<\/b><\/p>\n<p><span style=\"font-weight: 400;\">O profissional acompanhou a gigante Hahnem\u00fchle tamb\u00e9m no Brasil. O stand da empresa da Feira Fotografar &#8211; que acontece todos os anos em S\u00e3o Paulo\/SP &#8211; trouxe exposta uma imagem de Wedding Photoshoot assinado por Jared Windm\u00fcller.<\/span><\/p>\n<p><img loading=\"lazy\" class=\"aligncenter wp-image-260 size-large\" src=\"https:\/\/blog.viacolor.com.br\/wp-content\/uploads\/2019\/04\/TTD-Suzana-e-Rafael-240-1-683x1024.jpg\" alt=\"\" width=\"525\" height=\"787\" srcset=\"https:\/\/blog.viacolor.com.br\/wp-content\/uploads\/2019\/04\/TTD-Suzana-e-Rafael-240-1-683x1024.jpg 683w, https:\/\/blog.viacolor.com.br\/wp-content\/uploads\/2019\/04\/TTD-Suzana-e-Rafael-240-1-200x300.jpg 200w, https:\/\/blog.viacolor.com.br\/wp-content\/uploads\/2019\/04\/TTD-Suzana-e-Rafael-240-1-768x1152.jpg 768w\" sizes=\"(max-width: 525px) 100vw, 525px\" \/><\/p>\n<p><b>R\u00e1pida biografia de Windm\u00fcller<\/b><\/p>\n<p><img loading=\"lazy\" class=\"alignleft wp-image-251 size-thumbnail\" src=\"https:\/\/blog.viacolor.com.br\/wp-content\/uploads\/2019\/04\/Retrato-jared-Alta-S-logo-150x150.jpg\" alt=\"\" width=\"150\" height=\"150\" srcset=\"https:\/\/blog.viacolor.com.br\/wp-content\/uploads\/2019\/04\/Retrato-jared-Alta-S-logo-150x150.jpg 150w, https:\/\/blog.viacolor.com.br\/wp-content\/uploads\/2019\/04\/Retrato-jared-Alta-S-logo-100x100.jpg 100w\" sizes=\"(max-width: 150px) 100vw, 150px\" \/><\/p>\n<p><span style=\"font-weight: 400;\">O fot\u00f3grafo Jared Windm\u00fcller nasceu em\u00a0<\/span><span style=\"font-weight: 400;\">Joinville\/SC. Ele\u00a0<\/span><span style=\"font-weight: 400;\">manteve sua pr\u00f3pria galeria fineart na praia de Jurer\u00ea Internacional, localizada em Florian\u00f3polis, at\u00e9 2016.<\/span><\/p>\n<p><span style=\"font-weight: 400;\">No mesmo ano, decidiu emigrar para Utah (EUA), atra\u00eddo pelas belezas naturais do lugar. <\/span><\/p>\n<p><span style=\"font-weight: 400;\">Entre os feitos de Windm\u00fcller, est\u00e3o o status de primeiro artista e testar o novo papel fineart <\/span><b>Photo Rag\u00ae Metallic.<\/b><span style=\"font-weight: 400;\"> Este papel se destaca pelo tom prata cintilante do seu acabamento. <\/span><span style=\"font-weight: 400;\"><br \/>\n<\/span><\/p>\n<p><span style=\"font-weight: 400;\">Nossa equipe da <\/span><b>Viacolor<\/b><span style=\"font-weight: 400;\"> se sente honrada em ser a escolha de grandes nomes da fotografia, como Jared. Que tenha sucesso sempre, por todos os cantos onde passar! <\/span><\/p>\n","protected":false},"excerpt":{"rendered":"<p>\u00c9 uma satisfa\u00e7\u00e3o imensa quando vemos que nossos parceiros est\u00e3o tendo reconhecimento mundo afora. Nossa mais recente alegria foi testemunhar o trimestre incr\u00edvel que a vida reservou para o brilhante profissional da fotografia (e nosso cliente) Jared Windm\u00fcller. Veja o que aconteceu na carreira de Windm\u00fcller e se inspire: &nbsp; FEVEREIRO Jared Windm\u00fcller foi eleito &hellip; <\/p>\n<p class=\"link-more\"><a href=\"https:\/\/blog.viacolor.com.br\/index.php\/2019\/04\/11\/trimestre-de-ouro-brasileiro-arrasa-no-mercado-fotografico-internacional\/\" class=\"more-link\">Continue lendo<span class=\"screen-reader-text\"> &#8220;TRIMESTRE DE OURO: brasileiro arrasa no mercado fotogr\u00e1fico internacional!&#8221;<\/span><\/a><\/p>\n","protected":false},"author":1,"featured_media":264,"comment_status":"open","ping_status":"open","sticky":false,"template":"","format":"standard","meta":[],"categories":[5,20,24],"tags":[13,11,23,10,17,19,33,18,16,28,35,14,22,29],"_links":{"self":[{"href":"https:\/\/blog.viacolor.com.br\/index.php\/wp-json\/wp\/v2\/posts\/250"}],"collection":[{"href":"https:\/\/blog.viacolor.com.br\/index.php\/wp-json\/wp\/v2\/posts"}],"about":[{"href":"https:\/\/blog.viacolor.com.br\/index.php\/wp-json\/wp\/v2\/types\/post"}],"author":[{"embeddable":true,"href":"https:\/\/blog.viacolor.com.br\/index.php\/wp-json\/wp\/v2\/users\/1"}],"replies":[{"embeddable":true,"href":"https:\/\/blog.viacolor.com.br\/index.php\/wp-json\/wp\/v2\/comments?post=250"}],"version-history":[{"count":8,"href":"https:\/\/blog.viacolor.com.br\/index.php\/wp-json\/wp\/v2\/posts\/250\/revisions"}],"predecessor-version":[{"id":269,"href":"https:\/\/blog.viacolor.com.br\/index.php\/wp-json\/wp\/v2\/posts\/250\/revisions\/269"}],"wp:featuredmedia":[{"embeddable":true,"href":"https:\/\/blog.viacolor.com.br\/index.php\/wp-json\/wp\/v2\/media\/264"}],"wp:attachment":[{"href":"https:\/\/blog.viacolor.com.br\/index.php\/wp-json\/wp\/v2\/media?parent=250"}],"wp:term":[{"taxonomy":"category","embeddable":true,"href":"https:\/\/blog.viacolor.com.br\/index.php\/wp-json\/wp\/v2\/categories?post=250"},{"taxonomy":"post_tag","embeddable":true,"href":"https:\/\/blog.viacolor.com.br\/index.php\/wp-json\/wp\/v2\/tags?post=250"}],"curies":[{"name":"wp","href":"https:\/\/api.w.org\/{rel}","templated":true}]}}